{"id":1365,"date":"2025-01-26T14:03:31","date_gmt":"2025-01-26T14:03:31","guid":{"rendered":"https:\/\/www.xn--neuepragerhtte-qsb.at\/?p=1365"},"modified":"2025-01-30T21:27:09","modified_gmt":"2025-01-30T21:27:09","slug":"die-vertraege-sind-unterzeichnet","status":"publish","type":"post","link":"https:\/\/www.neue-prager-huette.at\/?p=1365","title":{"rendered":"Die Vertr\u00e4ge sind unterzeichnet!"},"content":{"rendered":"<p>Es ist offiziell: Wir &#8211; Michaela, Florian, Ben und Maja, haben die Pachtvertr\u00e4ge f\u00fcr die <strong>Neue Prager H\u00fctte<\/strong> unterzeichnet! Der Besuch beim <strong>Deutschen Alpenverein (DAV)<\/strong> in M\u00fcnchen war f\u00fcr uns ein besonderer Moment, denn damit f\u00e4llt der Startschuss f\u00fcr ein neues Kapitel.<\/p>\n<p>Die Neue Prager H\u00fctte, gelegen in der beeindruckenden Landschaft der Hohen Tauern, ist ein Ort mit langer Tradition und besonderem Charme. Wir freuen uns riesig, die Verantwortung f\u00fcr diese alpine Perle zu \u00fcbernehmen und sie in die Zukunft zu f\u00fchren \u2013 mit Respekt f\u00fcr ihre Geschichte und die einmalige Natur, die sie umgibt.<\/p>\n<p><!--more--><\/p>\n<p>Jetzt geht es los: Wir bereiten alles f\u00fcr die kommende Saison vor und freuen uns darauf, euch bald auf der H\u00fctte begr\u00fc\u00dfen zu d\u00fcrfen \u2013 ob nach einer langen Tour oder einfach, um die Aussicht zu genie\u00dfen.<\/p>\n<p>Ein gro\u00dfer Dank gilt dem <strong>DAV<\/strong> und allen, die uns auf diesem Weg unterst\u00fctzt haben. Wir halten euch auf dem Laufenden \u2013 bis bald auf der Neuen Prager H\u00fctte!<\/p>\n<p class=\"uk-margin-medium\">\u00a0<\/p>\n\n\n<p><\/p>\n","protected":false},"excerpt":{"rendered":"<p>Es ist offiziell: Wir &#8211; Michaela, Florian, Ben und Maja, haben die Pachtvertr\u00e4ge f\u00fcr die Neue Prager H\u00fctte unterzeichnet! Der Besuch beim Deutschen Alpenverein (DAV) in M\u00fcnchen war f\u00fcr uns ein besonderer Moment, denn damit f\u00e4llt der Startschuss f\u00fcr ein neues Kapitel. Die Neue Prager H\u00fctte, gelegen in der beeindruckenden Landschaft der Hohen Tauern, ist [&hellip;]<\/p>\n","protected":false},"author":1,"featured_media":1361,"comment_status":"open","ping_status":"open","sticky":false,"template":"","format":"standard","meta":{"_acf_changed":false,"footnotes":""},"categories":[1],"tags":[],"class_list":["post-1365","post","type-post","status-publish","format-standard","has-post-thumbnail","hentry","category-uncategorized"],"acf":[],"_links":{"self":[{"href":"https:\/\/www.neue-prager-huette.at\/index.php?rest_route=\/wp\/v2\/posts\/1365","targetHints":{"allow":["GET"]}}],"collection":[{"href":"https:\/\/www.neue-prager-huette.at\/index.php?rest_route=\/wp\/v2\/posts"}],"about":[{"href":"https:\/\/www.neue-prager-huette.at\/index.php?rest_route=\/wp\/v2\/types\/post"}],"author":[{"embeddable":true,"href":"https:\/\/www.neue-prager-huette.at\/index.php?rest_route=\/wp\/v2\/users\/1"}],"replies":[{"embeddable":true,"href":"https:\/\/www.neue-prager-huette.at\/index.php?rest_route=%2Fwp%2Fv2%2Fcomments&post=1365"}],"version-history":[{"count":3,"href":"https:\/\/www.neue-prager-huette.at\/index.php?rest_route=\/wp\/v2\/posts\/1365\/revisions"}],"predecessor-version":[{"id":1379,"href":"https:\/\/www.neue-prager-huette.at\/index.php?rest_route=\/wp\/v2\/posts\/1365\/revisions\/1379"}],"wp:featuredmedia":[{"embeddable":true,"href":"https:\/\/www.neue-prager-huette.at\/index.php?rest_route=\/wp\/v2\/media\/1361"}],"wp:attachment":[{"href":"https:\/\/www.neue-prager-huette.at\/index.php?rest_route=%2Fwp%2Fv2%2Fmedia&parent=1365"}],"wp:term":[{"taxonomy":"category","embeddable":true,"href":"https:\/\/www.neue-prager-huette.at\/index.php?rest_route=%2Fwp%2Fv2%2Fcategories&post=1365"},{"taxonomy":"post_tag","embeddable":true,"href":"https:\/\/www.neue-prager-huette.at\/index.php?rest_route=%2Fwp%2Fv2%2Ftags&post=1365"}],"curies":[{"name":"wp","href":"https:\/\/api.w.org\/{rel}","templated":true}]}}